{"id":9287,"date":"2020-10-13T12:01:17","date_gmt":"2020-10-13T10:01:17","guid":{"rendered":"https:\/\/www-old.kapcode.fr\/?p=9287"},"modified":"2021-09-30T23:47:41","modified_gmt":"2021-09-30T21:47:41","slug":"lancement-espaces","status":"publish","type":"post","link":"https:\/\/www.kapcode.fr\/en\/articles\/launch-spaces\/","title":{"rendered":"Covid-19: Launch of the ESPACES project"},"content":{"rendered":"\t\t<div data-elementor-type=\"wp-post\" data-elementor-id=\"9287\" class=\"elementor elementor-9287\" data-elementor-post-type=\"post\">\n\t\t\t\t\t\t<section class=\"elementor-section elementor-top-section elementor-element elementor-element-1b5d14b8 elementor-section-boxed elementor-section-height-default elementor-section-height-default\" data-id=\"1b5d14b8\" data-element_type=\"section\" data-e-type=\"section\">\n\t\t\t\t\t\t<div class=\"elementor-container elementor-column-gap-no\">\n\t\t\t\t\t<div class=\"elementor-column elementor-col-100 elementor-top-column elementor-element elementor-element-8fddbae\" data-id=\"8fddbae\" data-element_type=\"column\" data-e-type=\"column\">\n\t\t\t<div class=\"elementor-widget-wrap elementor-element-populated\">\n\t\t\t\t\t\t<div class=\"elementor-element elementor-element-799dea73 elementor-widget elementor-widget-text-editor\" data-id=\"799dea73\" data-element_type=\"widget\" data-e-type=\"widget\" data-widget_type=\"text-editor.default\">\n\t\t\t\t<div class=\"elementor-widget-container\">\n\t\t\t\t\t\t\t\t\t<p>Depuis plusieurs mois, la crise sanitaire li\u00e9e \u00e0 l\u2019\u00e9pid\u00e9mie de Covid-19 affecte la population \u00e0 l\u2019\u00e9chelle mondiale. Pour <strong>\u00e9valuer l\u2019impact de l\u2019\u00e9pid\u00e9mie sur la population fran\u00e7aise<\/strong> en vue d\u2019am\u00e9liorer le parcours de soins, <strong>Kap Code lance le projet ESPACES <\/strong>avec le soutien du <strong><a href=\"https:\/\/www.leem.org\/\" target=\"_blank\" rel=\"noopener\">Leem<\/a><\/strong>, de <strong><a href=\"https:\/\/www.pfizer.fr\/\" target=\"_blank\" rel=\"noopener\">Pfizer<\/a><\/strong> et <strong><a href=\"https:\/\/www.roche.fr\/\" target=\"_blank\" rel=\"noopener\">Roche<\/a><\/strong> au sein de la <strong><a href=\"https:\/\/www.coalitioncovid.org\/\" target=\"_blank\" rel=\"noopener\">Coalition Innovation Sant\u00e9<\/a><\/strong>.<\/p><h2>ESPACES\u00a0: une analyse des donn\u00e9es de vie r\u00e9elle issues des r\u00e9seaux sociaux<\/h2><p>Apr\u00e8s <a href=\"https:\/\/www.epilogue-covid.org\/\" target=\"_blank\" rel=\"noopener\"><strong>\u00c9pilogue<\/strong><\/a> et <a href=\"https:\/\/www.confins.org\/\" target=\"_blank\" rel=\"noopener\"><strong>Confins<\/strong><\/a>, Kap Code poursuit les efforts engag\u00e9s pendant la crise sanitaire avec le lancement du projet ESPACES. Soutenu par le Leem, Pfizer et Roche au sein de la Coalition Innovation Sant\u00e9, <strong>ce projet a pour vocation d\u2019\u00e9valuer les repr\u00e9sentations, perceptions, attitudes et comportements relatifs \u00e0 l\u2019\u00e9pid\u00e9mie en cours de Covid-19<\/strong>, qui font l\u2019objet de nombreuses discussions sur les r\u00e9seaux sociaux.<\/p><p>ESPACES aboutira avec <strong>la mise \u00e0 disposition d\u2019une plateforme d\u2019analyse de donn\u00e9es de vie r\u00e9elle<\/strong> couvrant les p\u00e9riodes avant, pendant et apr\u00e8s la crise sanitaire. Les analyses propos\u00e9es porteront entre autres sur la qualit\u00e9 de vie, le parcours de soins des patients atteints de maladie chronique, la perception des mesures sanitaires ou encore sur les <em>fake news<\/em>.<\/p><h2>Les donn\u00e9es de vie r\u00e9elle pour \u00e9valuer l\u2019impact de l\u2019\u00e9pid\u00e9mie<\/h2><p>L\u2019\u00e9mergence de la pand\u00e9mie de Covid-19 a bouscul\u00e9 les habitudes de vie dans de nombreux pays. En France, <strong>la circulation active du virus a conduit \u00e0 la mise en place de mesures sanitaires de confinement et \u00e0 la promotion de gestes barri\u00e8res<\/strong> telles que la distanciation sociale et le port du masque. Les Fran\u00e7ais se sont ainsi retrouv\u00e9 face \u00e0 la n\u00e9cessit\u00e9 d\u2019adopter de nouveaux comportements pour tenter de freiner l\u2019\u00e9pid\u00e9mie de Covid-19.<\/p><p>Les r\u00e9seaux sociaux et les communaut\u00e9s web regorgent de <strong>t\u00e9moignages relatifs \u00e0 la sant\u00e9 qui constituent des donn\u00e9es de vie r\u00e9elle exprim\u00e9es spontan\u00e9ment<\/strong> par les internautes. En France, pr\u00e8s de 30% de la population a d\u00e9j\u00e0 parl\u00e9 de sa sant\u00e9 sur le web.<a href=\"#_ftn3\" name=\"_ftnref3\">[3]<\/a> De plus, l\u2019usage des r\u00e9seaux sociaux s\u2019est intensifi\u00e9 pendant la p\u00e9riode de confinement.<a href=\"#_ftn4\" name=\"_ftnref4\">[4]<\/a> Ainsi, \u00e0 travers l\u2019\u00e9coute des communaut\u00e9s web et des r\u00e9seaux sociaux, il est possible d\u2019<strong>extraire des donn\u00e9es de vie r\u00e9elle permettant d\u2019\u00e9valuer en continu l\u2019impact de la Covid-19 sur les parcours de soins<\/strong>, dans le but d\u2019apporter des solutions concr\u00e8tes, adapt\u00e9es aux besoins exprim\u00e9s par les patients et les professionnels de sant\u00e9.<\/p><p>Fort de notre exp\u00e9rience dans l\u2019analyse de donn\u00e9es de vie r\u00e9elle issues des r\u00e9seaux sociaux, nous avons pris l\u2019initiative de d\u00e9velopper le projet ESPACES d\u00e8s le d\u00e9but de l\u2019\u00e9pid\u00e9mie dans le but de <strong>recueillir le v\u00e9cu et le ressenti des patients et des acteurs de sant\u00e9<\/strong> afin d\u2019aider les patients chroniques dans leur parcours de soins.<a href=\"#_ftnref1\" name=\"_ftn1\"><\/a><\/p>\t\t\t\t\t\t\t\t<\/div>\n\t\t\t\t<\/div>\n\t\t\t\t<div class=\"elementor-element elementor-element-0275d28 elementor-widget elementor-widget-image\" data-id=\"0275d28\" data-element_type=\"widget\" data-e-type=\"widget\" data-widget_type=\"image.default\">\n\t\t\t\t<div class=\"elementor-widget-container\">\n\t\t\t\t\t\t\t\t\t\t\t\t<figure class=\"wp-caption\">\n\t\t\t\t\t\t\t\t\t\t<img fetchpriority=\"high\" decoding=\"async\" width=\"1024\" height=\"576\" src=\"https:\/\/www.kapcode.fr\/wp-content\/uploads\/2020\/10\/CIS_CP-CITATION_Pascal-Becache-1024x576.jpg\" class=\"attachment-large size-large wp-image-9297\" alt=\"\" srcset=\"https:\/\/www.kapcode.fr\/wp-content\/uploads\/2020\/10\/CIS_CP-CITATION_Pascal-Becache-1024x576.jpg 1024w, https:\/\/www.kapcode.fr\/wp-content\/uploads\/2020\/10\/CIS_CP-CITATION_Pascal-Becache-300x169.jpg 300w, https:\/\/www.kapcode.fr\/wp-content\/uploads\/2020\/10\/CIS_CP-CITATION_Pascal-Becache-768x432.jpg 768w, https:\/\/www.kapcode.fr\/wp-content\/uploads\/2020\/10\/CIS_CP-CITATION_Pascal-Becache-1536x864.jpg 1536w, https:\/\/www.kapcode.fr\/wp-content\/uploads\/2020\/10\/CIS_CP-CITATION_Pascal-Becache-18x10.jpg 18w, https:\/\/www.kapcode.fr\/wp-content\/uploads\/2020\/10\/CIS_CP-CITATION_Pascal-Becache.jpg 1607w\" sizes=\"(max-width: 1024px) 100vw, 1024px\">\t\t\t\t\t\t\t\t\t\t\t<figcaption class=\"widget-image-caption wp-caption-text\">Pascal B\u00e9cache - Co-fondateur de Digital Pharma Lab - op\u00e9rateur de la Coalition Innovation Sant\u00e9<\/figcaption>\n\t\t\t\t\t\t\t\t\t\t<\/figure>\n\t\t\t\t\t\t\t\t\t<\/div>\n\t\t\t\t<\/div>\n\t\t\t\t<div class=\"elementor-element elementor-element-d30e461 elementor-widget elementor-widget-text-editor\" data-id=\"d30e461\" data-element_type=\"widget\" data-e-type=\"widget\" data-widget_type=\"text-editor.default\">\n\t\t\t\t<div class=\"elementor-widget-container\">\n\t\t\t\t\t\t\t\t\t<h2>Un projet soutenu par le Leem, Pfizer et Roche au sein de la Coalition Innovation Sant\u00e9<\/h2><p>Pour soutenir le d\u00e9veloppement du projet ESPACES, <strong>Kap Code a sollicit\u00e9 la Coalition Innovation Sant\u00e9<\/strong> dans le cadre d\u2019un appel \u00e0 projet.<\/p><p>Lanc\u00e9e fin mars 2020, la \u00ab Coalition Innovation Sant\u00e9 &#8211; Crise Sanitaire \u00bb regroupe des partenaires publics et priv\u00e9s mobilis\u00e9s par l\u2019urgence sanitaire. Elle \u0153uvre pour d\u00e9sengorger le syst\u00e8me de soins et permettre aux patients atteints de maladies chroniques de continuer \u00e0 \u00eatre pris en charge.<\/p><p>Suite \u00e0 notre r\u00e9ponse \u00e0 l\u2019appel \u00e0 projet, <strong>trois acteurs majeurs du domaine de la sant\u00e9 et partenaires de la Coalition<\/strong> ont r\u00e9pondu pr\u00e9sent pour apporter leur soutien au projet ESPACES. Ainsi, le <strong>Leem a apport\u00e9 son soutien \u00e0 l\u2019\u00e9valuation de l\u2019impact de la crise sanitaire sur la population g\u00e9n\u00e9rale<\/strong> pour mieux comprendre les enjeux de sant\u00e9 publique li\u00e9s \u00e0 l\u2019\u00e9pid\u00e9mie et leur perception par la population g\u00e9n\u00e9rale. <strong>Pfizer et Roche soutiennent l\u2019\u00e9valuation de l\u2019impact de l\u2019\u00e9pid\u00e9mie chez les patients atteints d\u2019un cancer<\/strong> dans le but de mieux comprendre le v\u00e9cu des patients, de mettre en lumi\u00e8re les besoins ou les initiatives apparus ces derniers mois et de contribuer \u00e0 am\u00e9liorer la connaissance des \u00e9quipes soignantes et des institutions sur la prise en charge de ces patients.<\/p>\t\t\t\t\t\t\t\t<\/div>\n\t\t\t\t<\/div>\n\t\t\t\t<div class=\"elementor-element elementor-element-c51f955 elementor-widget elementor-widget-image\" data-id=\"c51f955\" data-element_type=\"widget\" data-e-type=\"widget\" data-widget_type=\"image.default\">\n\t\t\t\t<div class=\"elementor-widget-container\">\n\t\t\t\t\t\t\t\t\t\t\t\t<figure class=\"wp-caption\">\n\t\t\t\t\t\t\t\t\t\t<img decoding=\"async\" width=\"1024\" height=\"576\" src=\"https:\/\/www.kapcode.fr\/wp-content\/uploads\/2020\/10\/CIS_CP-CITATION_Anne-Philippot-1024x576.png\" class=\"attachment-large size-large wp-image-11111\" alt=\"Anne Philippot - Directrice Exp\u00e9rience Client, Digital, Innovation de Roche\" srcset=\"https:\/\/www.kapcode.fr\/wp-content\/uploads\/2020\/10\/CIS_CP-CITATION_Anne-Philippot-1024x576.png 1024w, https:\/\/www.kapcode.fr\/wp-content\/uploads\/2020\/10\/CIS_CP-CITATION_Anne-Philippot-300x169.png 300w, https:\/\/www.kapcode.fr\/wp-content\/uploads\/2020\/10\/CIS_CP-CITATION_Anne-Philippot-768x432.png 768w, https:\/\/www.kapcode.fr\/wp-content\/uploads\/2020\/10\/CIS_CP-CITATION_Anne-Philippot-1536x864.png 1536w, https:\/\/www.kapcode.fr\/wp-content\/uploads\/2020\/10\/CIS_CP-CITATION_Anne-Philippot-2048x1152.png 2048w, https:\/\/www.kapcode.fr\/wp-content\/uploads\/2020\/10\/CIS_CP-CITATION_Anne-Philippot-18x10.png 18w\" sizes=\"(max-width: 1024px) 100vw, 1024px\" \/>\t\t\t\t\t\t\t\t\t\t\t<figcaption class=\"widget-image-caption wp-caption-text\">Anne Philippot - Directrice Exp\u00e9rience Client, Digital, Innovation de Roche<\/figcaption>\n\t\t\t\t\t\t\t\t\t\t<\/figure>\n\t\t\t\t\t\t\t\t\t<\/div>\n\t\t\t\t<\/div>\n\t\t\t\t<div class=\"elementor-element elementor-element-38d207a elementor-widget elementor-widget-text-editor\" data-id=\"38d207a\" data-element_type=\"widget\" data-e-type=\"widget\" data-widget_type=\"text-editor.default\">\n\t\t\t\t<div class=\"elementor-widget-container\">\n\t\t\t\t\t\t\t\t\t<p>Pour en savoir plus sur le projet ESPACES, vous pouvez <strong>consulter le communiqu\u00e9 de presse<\/strong>. Pour recevoir nos actualit\u00e9s et rester informer de l\u2019\u00e9volution du projet, <strong>inscrivez-vous \u00e0 notre newsletter<\/strong>.<\/p>\t\t\t\t\t\t\t\t<\/div>\n\t\t\t\t<\/div>\n\t\t\t\t\t<\/div>\n\t\t<\/div>\n\t\t\t\t\t<\/div>\n\t\t<\/section>\n\t\t\t\t<section class=\"elementor-section elementor-top-section elementor-element elementor-element-69f78bbf elementor-section-boxed elementor-section-height-default elementor-section-height-default\" data-id=\"69f78bbf\" data-element_type=\"section\" data-e-type=\"section\">\n\t\t\t\t\t\t<div class=\"elementor-container elementor-column-gap-no\">\n\t\t\t\t\t<div class=\"elementor-column elementor-col-100 elementor-top-column elementor-element elementor-element-29d669df\" data-id=\"29d669df\" data-element_type=\"column\" data-e-type=\"column\">\n\t\t\t<div class=\"elementor-widget-wrap elementor-element-populated\">\n\t\t\t\t\t\t<div class=\"elementor-element elementor-element-3a2295e0 elementor-align-left elementor-widget__width-auto elementor-widget elementor-widget-button\" data-id=\"3a2295e0\" data-element_type=\"widget\" data-e-type=\"widget\" data-widget_type=\"button.default\">\n\t\t\t\t<div class=\"elementor-widget-container\">\n\t\t\t\t\t\t\t\t\t<div class=\"elementor-button-wrapper\">\n\t\t\t\t\t<a class=\"elementor-button elementor-button-link elementor-size-md elementor-animation-grow\" href=\"https:\/\/www.kapcode.fr\/wp-content\/uploads\/2020\/10\/Kap-Code_Communique-de-presse-ESPACES_VF.pdf\" target=\"_blank\">\n\t\t\t\t\t\t<span class=\"elementor-button-content-wrapper\">\n\t\t\t\t\t\t<span class=\"elementor-button-icon\">\n\t\t\t\t<svg aria-hidden=\"true\" class=\"e-font-icon-svg e-fas-external-link-alt\" viewBox=\"0 0 512 512\" xmlns=\"http:\/\/www.w3.org\/2000\/svg\"><path d=\"M432,320H400a16,16,0,0,0-16,16V448H64V128H208a16,16,0,0,0,16-16V80a16,16,0,0,0-16-16H48A48,48,0,0,0,0,112V464a48,48,0,0,0,48,48H400a48,48,0,0,0,48-48V336A16,16,0,0,0,432,320ZM488,0h-128c-21.37,0-32.05,25.91-17,41l35.73,35.73L135,320.37a24,24,0,0,0,0,34L157.67,377a24,24,0,0,0,34,0L435.28,133.32,471,169c15,15,41,4.5,41-17V24A24,24,0,0,0,488,0Z\"><\/path><\/svg>\t\t\t<\/span>\n\t\t\t\t\t\t\t\t\t<span class=\"elementor-button-text\">Lire le communiqu\u00e9 de presse<\/span>\n\t\t\t\t\t<\/span>\n\t\t\t\t\t<\/a>\n\t\t\t\t<\/div>\n\t\t\t\t\t\t\t\t<\/div>\n\t\t\t\t<\/div>\n\t\t\t\t\t<\/div>\n\t\t<\/div>\n\t\t\t\t\t<\/div>\n\t\t<\/section>\n\t\t\t\t<section class=\"elementor-section elementor-top-section elementor-element elementor-element-28f3dfee elementor-section-boxed elementor-section-height-default elementor-section-height-default\" data-id=\"28f3dfee\" data-element_type=\"section\" data-e-type=\"section\" data-settings=\"{&quot;background_background&quot;:&quot;classic&quot;}\">\n\t\t\t\t\t\t<div class=\"elementor-container elementor-column-gap-no\">\n\t\t\t\t\t<div class=\"elementor-column elementor-col-100 elementor-top-column elementor-element elementor-element-574a8be4\" data-id=\"574a8be4\" data-element_type=\"column\" data-e-type=\"column\">\n\t\t\t<div class=\"elementor-widget-wrap elementor-element-populated\">\n\t\t\t\t\t\t<div class=\"elementor-element elementor-element-4de9921 elementor-widget elementor-widget-heading\" data-id=\"4de9921\" data-element_type=\"widget\" data-e-type=\"widget\" data-widget_type=\"heading.default\">\n\t\t\t\t<div class=\"elementor-widget-container\">\n\t\t\t\t\t<h2 class=\"elementor-heading-title elementor-size-medium\">Sources<\/h2>\t\t\t\t<\/div>\n\t\t\t\t<\/div>\n\t\t\t\t<div class=\"elementor-element elementor-element-17361bde cst-post-sources elementor-widget elementor-widget-text-editor\" data-id=\"17361bde\" data-element_type=\"widget\" data-e-type=\"widget\" data-widget_type=\"text-editor.default\">\n\t\t\t\t<div class=\"elementor-widget-container\">\n\t\t\t\t\t\t\t\t\t<p><a href=\"#_ftnref1\" name=\"_ftn1\">[1]<\/a> Thibert, C. (2020, 7 avril). Paul Frapp\u00e9 : \u00ab Les patients ont peur de nous d\u00e9ranger ou de se contaminer \u00bb. Le Figaro. <a href=\"https:\/\/www.lefigaro.fr\/sciences\/paul-frappe-les-patients-ont-peur-de-nous-deranger-ou-de-se-contaminer-20200407\" target=\"_blank\" rel=\"noopener\">https:\/\/www.lefigaro.fr\/sciences\/paul-frappe-les-patients-ont-peur-de-nous-deranger-ou-de-se-contaminer-20200407<\/a><\/p><p><a href=\"#_ftnref2\" name=\"_ftn2\">[2]<\/a> Roy, S., &amp; Thibert, C. (2020, 7 avril). Ces malades d\u2019autres pathologies qui ne se soignent plus, une bombe \u00e0 retardement ? Le Figaro.fr. <a href=\"https:\/\/www.lefigaro.fr\/sciences\/ces-malades-d-autres-pathologies-qui-ne-se-soignent-plus-une-bombe-a-retardement-20200407\" target=\"_blank\" rel=\"noopener\">https:\/\/www.lefigaro.fr\/sciences\/ces-malades-d-autres-pathologies-qui-ne-se-soignent-plus-une-bombe-a-retardement-20200407<\/a><\/p><p><a href=\"#_ftnref3\" name=\"_ftn3\">[3]<\/a> Odoxa (2018). Les donn\u00e9es de sant\u00e9 sur internet et les r\u00e9seaux sociaux. Disponible \u00e0 l\u2019adresse : <a href=\"http:\/\/www.odoxa.fr\/sondage\/parler-de-sante-ligne-pratique-loin-detre-marginale-aider-recherche\" target=\"_blank\" rel=\"noopener\">http:\/\/www.odoxa.fr\/sondage\/parler-de-sante-ligne-pratique-loin-detre-marginale-aider-recherche<\/a><\/p><p><a href=\"#_ftnref4\" name=\"_ftn4\">[4]<\/a> Caruso, D. L. (2020, 8 avril). Les r\u00e9seaux sociaux, bouff\u00e9e d\u2019oxyg\u00e8ne contre le confinement. Le Parisien. <a href=\"https:\/\/www.leparisien.fr\/high-tech\/les-reseaux-sociaux-bouffee-d-oxygene-contre-le-confinement-08-04-2020-8296233.php\" target=\"_blank\" rel=\"noopener\">https:\/\/www.leparisien.fr\/high-tech\/les-reseaux-sociaux-bouffee-d-oxygene-contre-le-confinement-08-04-2020-8296233.php<\/a><a href=\"#_ftnref1\" name=\"_ftn1\"><\/a><\/p>\t\t\t\t\t\t\t\t<\/div>\n\t\t\t\t<\/div>\n\t\t\t\t\t<\/div>\n\t\t<\/div>\n\t\t\t\t\t<\/div>\n\t\t<\/section>\n\t\t\t\t<\/div>\n\t\t","protected":false},"excerpt":{"rendered":"<p>To assess the impact of the epidemic, Kap Code is launching the ESPACES project with the support of Leem, Pfizer and Roche within the Health Innovation Coalition.<\/p>","protected":false},"author":4,"featured_media":9299,"comment_status":"closed","ping_status":"open","sticky":false,"template":"","format":"standard","meta":{"site-sidebar-layout":"default","site-content-layout":"default","ast-site-content-layout":"default","site-content-style":"default","site-sidebar-style":"default","ast-global-header-display":"","ast-banner-title-visibility":"","ast-main-header-display":"","ast-hfb-above-header-display":"","ast-hfb-below-header-display":"","ast-hfb-mobile-header-display":"","site-post-title":"","ast-breadcrumbs-content":"","ast-featured-img":"","footer-sml-layout":"","ast-disable-related-posts":"","theme-transparent-header-meta":"default","adv-header-id-meta":"","stick-header-meta":"default","header-above-stick-meta":"","header-main-stick-meta":"","header-below-stick-meta":"","astra-migrate-meta-layouts":"default","ast-page-background-enabled":"default","ast-page-background-meta":{"desktop":{"background-color":"","background-image":"","background-repeat":"repeat","background-position":"center center","background-size":"auto","background-attachment":"scroll","background-type":"","background-media":"","overlay-type":"","overlay-color":"","overlay-opacity":"","overlay-gradient":""},"tablet":{"background-color":"","background-image":"","background-repeat":"repeat","background-position":"center center","background-size":"auto","background-attachment":"scroll","background-type":"","background-media":"","overlay-type":"","overlay-color":"","overlay-opacity":"","overlay-gradient":""},"mobile":{"background-color":"","background-image":"","background-repeat":"repeat","background-position":"center center","background-size":"auto","background-attachment":"scroll","background-type":"","background-media":"","overlay-type":"","overlay-color":"","overlay-opacity":"","overlay-gradient":""}},"ast-content-background-meta":{"desktop":{"background-color":"var(--ast-global-color-5)","background-image":"","background-repeat":"repeat","background-position":"center center","background-size":"auto","background-attachment":"scroll","background-type":"","background-media":"","overlay-type":"","overlay-color":"","overlay-opacity":"","overlay-gradient":""},"tablet":{"background-color":"var(--ast-global-color-5)","background-image":"","background-repeat":"repeat","background-position":"center center","background-size":"auto","background-attachment":"scroll","background-type":"","background-media":"","overlay-type":"","overlay-color":"","overlay-opacity":"","overlay-gradient":""},"mobile":{"background-color":"var(--ast-global-color-5)","background-image":"","background-repeat":"repeat","background-position":"center center","background-size":"auto","background-attachment":"scroll","background-type":"","background-media":"","overlay-type":"","overlay-color":"","overlay-opacity":"","overlay-gradient":""}},"footnotes":""},"categories":[13],"tags":[16,92,18],"class_list":["post-9287","post","type-post","status-publish","format-standard","has-post-thumbnail","hentry","category-kap-code","tag-covid-19","tag-ecosysteme","tag-rwd"],"_links":{"self":[{"href":"https:\/\/www.kapcode.fr\/en\/wp-json\/wp\/v2\/posts\/9287","targetHints":{"allow":["GET"]}}],"collection":[{"href":"https:\/\/www.kapcode.fr\/en\/wp-json\/wp\/v2\/posts"}],"about":[{"href":"https:\/\/www.kapcode.fr\/en\/wp-json\/wp\/v2\/types\/post"}],"author":[{"embeddable":true,"href":"https:\/\/www.kapcode.fr\/en\/wp-json\/wp\/v2\/users\/4"}],"replies":[{"embeddable":true,"href":"https:\/\/www.kapcode.fr\/en\/wp-json\/wp\/v2\/comments?post=9287"}],"version-history":[{"count":0,"href":"https:\/\/www.kapcode.fr\/en\/wp-json\/wp\/v2\/posts\/9287\/revisions"}],"wp:featuredmedia":[{"embeddable":true,"href":"https:\/\/www.kapcode.fr\/en\/wp-json\/wp\/v2\/media\/9299"}],"wp:attachment":[{"href":"https:\/\/www.kapcode.fr\/en\/wp-json\/wp\/v2\/media?parent=9287"}],"wp:term":[{"taxonomy":"category","embeddable":true,"href":"https:\/\/www.kapcode.fr\/en\/wp-json\/wp\/v2\/categories?post=9287"},{"taxonomy":"post_tag","embeddable":true,"href":"https:\/\/www.kapcode.fr\/en\/wp-json\/wp\/v2\/tags?post=9287"}],"curies":[{"name":"wp","href":"https:\/\/api.w.org\/{rel}","templated":true}]}}