{"id":9537,"date":"2021-01-29T15:45:17","date_gmt":"2021-01-29T14:45:17","guid":{"rendered":"https:\/\/www.kapcode.fr\/?p=9537"},"modified":"2021-08-24T14:43:54","modified_gmt":"2021-08-24T12:43:54","slug":"kap-code-2020-covid-19","status":"publish","type":"post","link":"https:\/\/www.kapcode.fr\/en\/articles\/kap-code-2020-covid-19\/","title":{"rendered":"Kap Code: the year 2020"},"content":{"rendered":"\t\t<div data-elementor-type=\"wp-post\" data-elementor-id=\"9537\" class=\"elementor elementor-9537\" data-elementor-post-type=\"post\">\n\t\t\t\t\t\t<section class=\"elementor-section elementor-top-section elementor-element elementor-element-659365fb elementor-section-boxed elementor-section-height-default elementor-section-height-default\" data-id=\"659365fb\" data-element_type=\"section\" data-e-type=\"section\">\n\t\t\t\t\t\t<div class=\"elementor-container elementor-column-gap-no\">\n\t\t\t\t\t<div class=\"elementor-column elementor-col-100 elementor-top-column elementor-element elementor-element-5ec61548\" data-id=\"5ec61548\" data-element_type=\"column\" data-e-type=\"column\">\n\t\t\t<div class=\"elementor-widget-wrap elementor-element-populated\">\n\t\t\t\t\t\t<div class=\"elementor-element elementor-element-6e074d7 elementor-widget elementor-widget-text-editor\" data-id=\"6e074d7\" data-element_type=\"widget\" data-e-type=\"widget\" data-widget_type=\"text-editor.default\">\n\t\t\t\t<div class=\"elementor-widget-container\">\n\t\t\t\t\t\t\t\t\t<p>Le confinement, les restrictions sanitaires, la fermeture des commerces, restaurants ou des \u00e9coles, le couvre-feu ont marqu\u00e9 durablement l\u2019ann\u00e9e 2020, sans oublier notre culture (mus\u00e9e, th\u00e9\u00e2tre, \u2026) mise \u00e0 rude \u00e9preuve. <strong>La crise sanitaire de la Covid-19<\/strong> a eu de nombreux impacts sur notre quotidien et sur le monde \u00e0 tous les niveaux. Ces impacts ont \u00e9t\u00e9 certes n\u00e9gatifs mais ce ne sont pas les seuls points que l\u2019on peut retenir de cette crise.<\/p>\n<p><!-- \/wp:paragraph --><!-- wp:paragraph --><\/p>\n<p>En effet, cette crise a permis une <strong>mobilisation exceptionnelle<\/strong> des politiques de sant\u00e9, des professionnels de sant\u00e9 <strong>pour lutter contre ce virus<\/strong> mais aussi de la population.<a href=\"#_ftn1\">[1]<\/a><a href=\"#_ftn2\">[2]<\/a>\u00a0Nous avons observ\u00e9 des personnes de tous horizons se mobiliser en fournissant du mat\u00e9riel de sant\u00e9, de la nourriture et de l\u2019aide sous toutes ses formes\u00a0: <strong>une solidarit\u00e9 sans pr\u00e9c\u00e9dent<\/strong>.<a href=\"#_ftn3\">[3]<\/a> De plus, la crise sanitaire a r\u00e9v\u00e9l\u00e9 <strong>l\u2019importance d\u2019une collaboration<\/strong> entre les diff\u00e9rents acteurs en sant\u00e9 avec un <strong>partage des informations<\/strong>,<a href=\"#_ftn4\">[4]<\/a> des donn\u00e9es de sant\u00e9 pour \u00e9valuer cette crise pour mieux prendre en charge les patients et pour une meilleure compr\u00e9hension de la Covid-19.<\/p>\n<p><!-- \/wp:paragraph --><!-- wp:paragraph --><\/p>\n<p>Kap Code a apport\u00e9 sa contribution \u00e0 la lutte contre l\u2019\u00e9pid\u00e9mie avec notre expertise dans le champ des donn\u00e9es de vie r\u00e9elle, particuli\u00e8rement sur l\u2019exploitation des donn\u00e9es issues des r\u00e9seaux sociaux. Notre outil <strong><a href=\"https:\/\/detect-solutions.com\/\" target=\"_blank\" rel=\"noopener\">Detec\u2019t<\/a><\/strong>, bas\u00e9 sur des m\u00e9thodes d\u2019intelligence artificielle et de traitement automatique du langage naturel, permet d\u2019extraire des donn\u00e9es de qualit\u00e9 de vie, de parcours de soins ou de besoins m\u00e9dicaux non couverts li\u00e9s \u00e0 la Covid-19.<a href=\"#_ftn5\">[5]<\/a> Cette expertise a permis la <strong>mise en place de projets visant aux partages de connaissances autour de l\u2019exp\u00e9rience patient avec les diff\u00e9rents acteurs de l\u2019\u00e9cosyst\u00e8me sant\u00e9<\/strong>.<\/p>\n<p><!-- \/wp:paragraph --><!-- wp:paragraph --><\/p>\n<p>Cette nouvelle ann\u00e9e qui a d\u00e9but\u00e9 nous permet ainsi de mettre en avant ces diff\u00e9rents projets et r\u00e9sultats issues de nos travaux 2020.<\/p>\t\t\t\t\t\t\t\t<\/div>\n\t\t\t\t<\/div>\n\t\t\t\t<div class=\"elementor-element elementor-element-a6aa58b elementor-widget elementor-widget-text-editor\" data-id=\"a6aa58b\" data-element_type=\"widget\" data-e-type=\"widget\" data-widget_type=\"text-editor.default\">\n\t\t\t\t<div class=\"elementor-widget-container\">\n\t\t\t\t\t\t\t\t\t<h2>\u00c9PILOGUE : LA PLATEFORME COLLABORATIVE AUTOUR DE L&rsquo;\u00c9PIDEMIOLOGIE DE LA COVID-19<\/h2>\n<p><!-- \/wp:heading --><!-- wp:paragraph --><\/p>\n<p>Cette plateforme de recherche ouverte et collaborative a pour but de <strong>centraliser des informations relatives \u00e0 la crise sanitaire de la Covid-19<\/strong> mises \u00e0 disposition des citoyens, des chercheurs et scientifiques pour participer \u00e0 la lutte contre la pand\u00e9mie. Elle pr\u00e9sente des tableaux de bords avec des indicateurs de l\u2019\u00e9volution de la pand\u00e9mie au niveau mondiale et nationale. Aussi, on y trouve une analyse des \u00e9changes sur les r\u00e9seaux sociaux avec des datavisualisations sur les th\u00e8mes de discussions, la perception et l\u2019opinion des internautes entre autres.<\/p>\n<p><!-- \/wp:paragraph --><!-- wp:paragraph --><\/p>\n<p><a href=\"https:\/\/www.epilogue-covid.org\/\" target=\"_blank\" rel=\"noopener\"><strong>Epilogue<\/strong><\/a> est n\u00e9e de l\u2019initiative de Kap Code et Kappa Sant\u00e9 qui ont mis \u00e0 contribution leurs expertises dans l\u2019analyse de donn\u00e9es r\u00e9elles aux c\u00f4t\u00e9s de diff\u00e9rents contributeurs <a href=\"#_ftn6\">[6]<\/a>. Des ressources mises \u00e0 disposition aussi bien par des acteurs priv\u00e9s que publics (data.gouv.fr, Twitter, \u2026) ont permis la r\u00e9alisation des diff\u00e9rentes analyses.<\/p>\n<p><!-- \/wp:paragraph --><!-- wp:paragraph --><\/p>\t\t\t\t\t\t\t\t<\/div>\n\t\t\t\t<\/div>\n\t\t\t\t<div class=\"elementor-element elementor-element-e69b3bf elementor-widget elementor-widget-image\" data-id=\"e69b3bf\" data-element_type=\"widget\" data-e-type=\"widget\" data-widget_type=\"image.default\">\n\t\t\t\t<div class=\"elementor-widget-container\">\n\t\t\t\t\t\t\t\t\t\t\t\t<figure class=\"wp-caption\">\n\t\t\t\t\t\t\t\t\t\t<img fetchpriority=\"high\" decoding=\"async\" width=\"768\" height=\"429\" src=\"https:\/\/www.kapcode.fr\/wp-content\/uploads\/2021\/01\/KCcovid_site_illu_2_Plan-de-travail-1-copie-39-768x429.png\" class=\"attachment-medium_large size-medium_large wp-image-9564\" alt=\"\" srcset=\"https:\/\/www.kapcode.fr\/wp-content\/uploads\/2021\/01\/KCcovid_site_illu_2_Plan-de-travail-1-copie-39-768x429.png 768w, https:\/\/www.kapcode.fr\/wp-content\/uploads\/2021\/01\/KCcovid_site_illu_2_Plan-de-travail-1-copie-39-300x167.png 300w, https:\/\/www.kapcode.fr\/wp-content\/uploads\/2021\/01\/KCcovid_site_illu_2_Plan-de-travail-1-copie-39-1024x572.png 1024w, https:\/\/www.kapcode.fr\/wp-content\/uploads\/2021\/01\/KCcovid_site_illu_2_Plan-de-travail-1-copie-39-1536x857.png 1536w, https:\/\/www.kapcode.fr\/wp-content\/uploads\/2021\/01\/KCcovid_site_illu_2_Plan-de-travail-1-copie-39.png 1607w\" sizes=\"(max-width: 768px) 100vw, 768px\">\t\t\t\t\t\t\t\t\t\t\t<figcaption class=\"widget-image-caption wp-caption-text\">Epilogue - Plaforme collaborative autour de l'\u00e9pid\u00e9miologie de la Covid-19<\/figcaption>\n\t\t\t\t\t\t\t\t\t\t<\/figure>\n\t\t\t\t\t\t\t\t\t<\/div>\n\t\t\t\t<\/div>\n\t\t\t\t<div class=\"elementor-element elementor-element-363a421 elementor-widget elementor-widget-text-editor\" data-id=\"363a421\" data-element_type=\"widget\" data-e-type=\"widget\" data-widget_type=\"text-editor.default\">\n\t\t\t\t<div class=\"elementor-widget-container\">\n\t\t\t\t\t\t\t\t\t<p>Cette plateforme a donn\u00e9 naissance \u00e0 de multiples collaborations,\u00a0 dont le projet de mise \u00e0 disposition d\u2019une base de connaissance Covid-19 libre d\u2019acc\u00e8s avec <a href=\"https:\/\/www.microsoft.com\/fr-fr\" target=\"_blank\" rel=\"noopener\"><strong>Microsoft<\/strong><\/a> et le <a href=\"https:\/\/jogl.io\/fr\" target=\"_blank\" rel=\"noopener\"><strong>Just One Giant Lab<\/strong><\/a>. De m\u00eame qu\u2019une identification des sympt\u00f4mes de la Covid-19 sur <strong>Twitter <\/strong>\u00a0et le r\u00e9seau social <strong>Weibo <\/strong>a \u00e9t\u00e9 r\u00e9alis\u00e9e avec un objectif compl\u00e9mentaire d\u2019\u00e9tablir un lien entre leurs apparitions sur les r\u00e9seaux sociaux et leur m\u00e9diatisations avec le <strong><a href=\"http:\/\/www.crc.jussieu.fr\/\" target=\"_blank\" rel=\"noopener\">Centre de recherche des Cordeliers<\/a>. <\/strong>Epilogue a permis la mise en place d\u2019un projet qui a pour objectif d\u2019identifier l\u2019expression d\u2019id\u00e9es suicidaires dans un tweet en collaboration avec <a href=\"https:\/\/psychology.fas.harvard.edu\/\" target=\"_blank\" rel=\"noopener\"><strong>Harvard Department of Psychology<\/strong><\/a>. Par la suite, ce projet pourra prendre plusieurs directions telles que le ciblage d\u2019individus \u00e0 des fins de pr\u00e9ventions ou encore l\u2019analyse de l\u2019impact du confinement sur les tendances suicidaires.<\/p>\n<p>Une analyse comparative a aussi \u00e9t\u00e9 men\u00e9e avec la mise \u00e0 disposition d\u2019un <a href=\"https:\/\/www.epilogue-covid.org\/livre-blanc-covid19\/\" target=\"_blank\" rel=\"noopener\"><strong>livre blanc<\/strong><\/a> sur <strong>la gestion <\/strong>des 6 premiers<strong> de la crise<\/strong> <strong>\u00e0 travers le monde<\/strong>, avec l\u2019aide d\u2019\u00e9tudiants sp\u00e9cialistes des pays \u00e9tudi\u00e9s et bilingues qui a ensuite permis \u00e0 Kap Code et aux diff\u00e9rents partenaires d\u2019\u00c9pilogue (<a href=\"http:\/\/www.inalco.fr\/\" target=\"_blank\" rel=\"noopener\"><strong>Inalco<\/strong><\/a>,<a href=\"https:\/\/techtomed.com\/\" target=\"_blank\" rel=\"noopener\"><strong> TechToMed<\/strong><\/a>, <a href=\"https:\/\/www.pons-carrere.com\/\" target=\"_blank\" rel=\"noopener\"><strong>Pons &amp; Carrere<\/strong><\/a>, <a href=\"https:\/\/datacraft.paris\/\" target=\"_blank\" rel=\"noopener\"><strong>datacraft<\/strong><\/a>, <a href=\"https:\/\/23consulting.com\/\" target=\"_blank\" rel=\"noopener\"><strong>23 Consulting<\/strong><\/a>).<\/p>\n<p><!-- \/wp:paragraph --><!-- wp:paragraph --><\/p>\t\t\t\t\t\t\t\t<\/div>\n\t\t\t\t<\/div>\n\t\t\t\t<div class=\"elementor-element elementor-element-95d214e elementor-widget elementor-widget-image\" data-id=\"95d214e\" data-element_type=\"widget\" data-e-type=\"widget\" data-widget_type=\"image.default\">\n\t\t\t\t<div class=\"elementor-widget-container\">\n\t\t\t\t\t\t\t\t\t\t\t\t<figure class=\"wp-caption\">\n\t\t\t\t\t\t\t\t\t\t<img decoding=\"async\" width=\"768\" height=\"525\" src=\"https:\/\/www.kapcode.fr\/wp-content\/uploads\/2021\/01\/LBCovid19_mockup_v2-768x525.jpg\" class=\"attachment-medium_large size-medium_large wp-image-9571\" alt=\"\" srcset=\"https:\/\/www.kapcode.fr\/wp-content\/uploads\/2021\/01\/LBCovid19_mockup_v2-768x525.jpg 768w, https:\/\/www.kapcode.fr\/wp-content\/uploads\/2021\/01\/LBCovid19_mockup_v2-300x205.jpg 300w, https:\/\/www.kapcode.fr\/wp-content\/uploads\/2021\/01\/LBCovid19_mockup_v2-1024x700.jpg 1024w, https:\/\/www.kapcode.fr\/wp-content\/uploads\/2021\/01\/LBCovid19_mockup_v2.jpg 1323w\" sizes=\"(max-width: 768px) 100vw, 768px\">\t\t\t\t\t\t\t\t\t\t\t<figcaption class=\"widget-image-caption wp-caption-text\">Livre blanc sur la gestion des 6 premiers de la crise \u00e0 travers le monde<\/figcaption>\n\t\t\t\t\t\t\t\t\t\t<\/figure>\n\t\t\t\t\t\t\t\t\t<\/div>\n\t\t\t\t<\/div>\n\t\t\t\t<div class=\"elementor-element elementor-element-2da929b elementor-widget elementor-widget-text-editor\" data-id=\"2da929b\" data-element_type=\"widget\" data-e-type=\"widget\" data-widget_type=\"text-editor.default\">\n\t\t\t\t<div class=\"elementor-widget-container\">\n\t\t\t\t\t\t\t\t\t<p>En plus de ces projets, nous avons eu l\u2019occasion de collaborer avec les \u00e9quipes de Bordeaux Population Health et Kappa Sant\u00e9 dans la mise en place d\u2019une \u00e9tude \u00e9pid\u00e9miologique autour de l\u2019impact en sant\u00e9 mentale de la pand\u00e9mie.<\/p>\t\t\t\t\t\t\t\t<\/div>\n\t\t\t\t<\/div>\n\t\t\t\t<div class=\"elementor-element elementor-element-eaddba4 elementor-widget elementor-widget-text-editor\" data-id=\"eaddba4\" data-element_type=\"widget\" data-e-type=\"widget\" data-widget_type=\"text-editor.default\">\n\t\t\t\t<div class=\"elementor-widget-container\">\n\t\t\t\t\t\t\t\t\t<h2>CONFINS : UNE \u00c9TUDE SUR LA SANT\u00c9 MENTALE DES FRAN\u00c7AIS<\/h2>\n<p><!-- \/wp:heading --><!-- wp:paragraph --><\/p>\n<p><a href=\"https:\/\/www.confins.org\/\" target=\"_blank\" rel=\"noopener\"><strong>CONFINS<\/strong><\/a> est une e-cohorte qui s\u2019int\u00e9resse \u00e0 l\u2019impact \u00e9motionnel, psychologique et comportemental de la Covid-19 sur la population fran\u00e7aise. Elle est pilot\u00e9e par <a href=\"https:\/\/www.kappasante.com\/\" target=\"_blank\" rel=\"noopener\"><strong>Kappa Sant\u00e9<\/strong><\/a>, l\u2019\u00e9quipe de <a href=\"http:\/\/www.i-share.fr\/\" target=\"_blank\" rel=\"noopener\"><strong>l\u2019\u00e9tude i-Share<\/strong><\/a>, chercheurs du centre de recherche <a href=\"https:\/\/www.bordeaux-population-health.center\/\" target=\"_blank\" rel=\"noopener\"><strong>Bordeaux Population Health<\/strong><\/a> de l\u2019Inserm et de l\u2019universit\u00e9 de Bordeaux &amp; Kap Code. Cette \u00e9tude vise \u00e0 faire avancer la recherche sur la sant\u00e9 mentale et \u00e0 aider \u00e0 la lutte contre les cons\u00e9quences du coronavirus.<\/p>\n<p><!-- \/wp:paragraph --><!-- wp:paragraph --><\/p>\n<p>Les <a href=\"https:\/\/www.medrxiv.org\/content\/10.1101\/2020.11.04.20225706v1\" target=\"_blank\" rel=\"noopener\"><strong>r\u00e9sultats<\/strong><\/a> de cette \u00e9tude scientifique en ligne, bas\u00e9s sur les r\u00e9ponses de \u00a0<strong>2 260 participants<\/strong>, \u00a0et portant sur la sant\u00e9 mentale au cours du premier confinement, sont disponibles et donnent une meilleure visibilit\u00e9 aux chercheurs sur l\u2019impact du virus en vie r\u00e9elle. Le comportement des Fran\u00e7ais a \u00e9t\u00e9 impact\u00e9 par la crise sanitaire de la Covid-19, avec la n\u00e9cessit\u00e9 de mettre en place des mesures sanitaires (confinement, couvre-feu) et des gestes barri\u00e8res (distanciation sociale, port du masque, \u2026 ). L\u2019usage des r\u00e9seaux sociaux plateforme d\u2019\u00e9change s\u2019est intensifi\u00e9 pour s\u2019exprimer sur cette situation, le projet <a href=\"https:\/\/www.kapcode.fr\/lancement-espaces\/\" target=\"_blank\" rel=\"noopener\"><strong>ESPACES<\/strong><\/a> est n\u00e9 notamment dans le but de <strong>recueillir le v\u00e9cu et le ressenti des patients et des acteurs de sant\u00e9<\/strong>.<\/p>\t\t\t\t\t\t\t\t<\/div>\n\t\t\t\t<\/div>\n\t\t\t\t<div class=\"elementor-element elementor-element-bf7c0cb elementor-widget elementor-widget-image\" data-id=\"bf7c0cb\" data-element_type=\"widget\" data-e-type=\"widget\" data-widget_type=\"image.default\">\n\t\t\t\t<div class=\"elementor-widget-container\">\n\t\t\t\t\t\t\t\t\t\t\t\t<figure class=\"wp-caption\">\n\t\t\t\t\t\t\t\t\t\t<img decoding=\"async\" width=\"300\" height=\"300\" src=\"https:\/\/www.kapcode.fr\/wp-content\/uploads\/2021\/01\/Cconfins-logo_Plan-de-travail-1-copie-24-300x300.png\" class=\"attachment-medium size-medium wp-image-9565\" alt=\"Cconfins-logo_\" srcset=\"https:\/\/www.kapcode.fr\/wp-content\/uploads\/2021\/01\/Cconfins-logo_Plan-de-travail-1-copie-24-300x300.png 300w, https:\/\/www.kapcode.fr\/wp-content\/uploads\/2021\/01\/Cconfins-logo_Plan-de-travail-1-copie-24-150x150.png 150w, https:\/\/www.kapcode.fr\/wp-content\/uploads\/2021\/01\/Cconfins-logo_Plan-de-travail-1-copie-24-768x768.png 768w, https:\/\/www.kapcode.fr\/wp-content\/uploads\/2021\/01\/Cconfins-logo_Plan-de-travail-1-copie-24.png 904w\" sizes=\"(max-width: 300px) 100vw, 300px\" \/>\t\t\t\t\t\t\t\t\t\t\t<figcaption class=\"widget-image-caption wp-caption-text\">CONFINS - E-cohorte sur l\u2019impact de l\u2019\u00e9pid\u00e9mie de Covid-19 sur la sant\u00e9 mentale des Fran\u00e7ais<\/figcaption>\n\t\t\t\t\t\t\t\t\t\t<\/figure>\n\t\t\t\t\t\t\t\t\t<\/div>\n\t\t\t\t<\/div>\n\t\t\t\t<div class=\"elementor-element elementor-element-32666be3 elementor-widget elementor-widget-text-editor\" data-id=\"32666be3\" data-element_type=\"widget\" data-e-type=\"widget\" data-widget_type=\"text-editor.default\">\n\t\t\t\t<div class=\"elementor-widget-container\">\n\t\t\t\t\t\t\t\t\t<!-- wp:paragraph --><!-- \/wp:paragraph --><!-- wp:heading --><!-- \/wp:paragraph --><!-- wp:heading --><!-- \/wp:paragraph --><!-- wp:heading -->\n<h2>ESPACES : COMPRENDRE L&rsquo;IMPACT DE L&rsquo;\u00c9PID\u00c9MIE DE LA COVID-19 EN VUE D&rsquo;AM\u00c9LIORER LE PARCOURS DE SOINS<\/h2>\n<!-- \/wp:heading --><!-- wp:paragraph -->\n<p>Ce projet a pour vocation d\u2019\u00e9valuer <strong>les repr\u00e9sentations, perceptions, attitudes et comportements relatifs \u00e0 l\u2019\u00e9pid\u00e9mie en cours de Covid-19<\/strong>, qui font l\u2019objet de nombreuses discussions sur les r\u00e9seaux sociaux.<\/p>\n<p>Pour soutenir le d\u00e9veloppement de ce projet, Kap Code a sollicit\u00e9 la <strong>Coalition Innovation Sant\u00e9<\/strong> qui \u0153uvre pour d\u00e9sengorger le syst\u00e8me de soins et permettre aux patients atteints de maladies chroniques de continuer \u00e0 \u00eatre pris en charge. Trois acteurs majeurs du domaine de la sant\u00e9 et partenaires de la Coalition ont r\u00e9pondu pr\u00e9sent pour apporter leur soutien : <strong>Pfizer Oncologie<\/strong>, <strong>Roche<\/strong> et le <strong>Leem<\/strong>.<\/p>\n<!-- \/wp:paragraph -->\t\t\t\t\t\t\t\t<\/div>\n\t\t\t\t<\/div>\n\t\t\t\t<div class=\"elementor-element elementor-element-7dcd361 elementor-widget elementor-widget-image\" data-id=\"7dcd361\" data-element_type=\"widget\" data-e-type=\"widget\" data-widget_type=\"image.default\">\n\t\t\t\t<div class=\"elementor-widget-container\">\n\t\t\t\t\t\t\t\t\t\t\t\t<figure class=\"wp-caption\">\n\t\t\t\t\t\t\t\t\t\t<img loading=\"lazy\" decoding=\"async\" width=\"640\" height=\"280\" src=\"https:\/\/www.kapcode.fr\/wp-content\/uploads\/2021\/01\/KC-Espace_logo_bis.png\" class=\"attachment-medium_large size-medium_large wp-image-9566\" alt=\"\" srcset=\"https:\/\/www.kapcode.fr\/wp-content\/uploads\/2021\/01\/KC-Espace_logo_bis.png 640w, https:\/\/www.kapcode.fr\/wp-content\/uploads\/2021\/01\/KC-Espace_logo_bis-300x131.png 300w\" sizes=\"(max-width: 640px) 100vw, 640px\">\t\t\t\t\t\t\t\t\t\t\t<figcaption class=\"widget-image-caption wp-caption-text\">ESPACES - Comprendre l'impact de l'\u00e9pid\u00e9mie de la Covid-19 en vue d'am\u00e9liorer le parcours de soins<\/figcaption>\n\t\t\t\t\t\t\t\t\t\t<\/figure>\n\t\t\t\t\t\t\t\t\t<\/div>\n\t\t\t\t<\/div>\n\t\t\t\t<div class=\"elementor-element elementor-element-8b2ff91 elementor-widget elementor-widget-text-editor\" data-id=\"8b2ff91\" data-element_type=\"widget\" data-e-type=\"widget\" data-widget_type=\"text-editor.default\">\n\t\t\t\t<div class=\"elementor-widget-container\">\n\t\t\t\t\t\t\t\t\t<p>Pendant cette ann\u00e9e 2020, Kap Code a eu le plaisir d\u2019apporter sa contribution \u00e0 ces projets aupr\u00e8s de nombreux acteurs du monde de la sant\u00e9 mais aussi \u00e0 participer \u00e0 des \u00e9v\u00e8nements qui ont permis l\u2019\u00e9change d\u2019id\u00e9es sur la sant\u00e9 digitale (AI For Health, 3<sup>\u00e8me<\/sup> \u00e9dition) ou encore sur la gestion de la pand\u00e9mie Covid-19 \u00e0 l\u2019aide des donn\u00e9es de vie r\u00e9elle (HDI Day, 6<sup>\u00e8me<\/sup> \u00e9dition).<\/p>\n<p>Pour suivre nos actualit\u00e9s en cette nouvelle ann\u00e9e, inscrivez-vous \u00e0 notre newsletter.<\/p>\t\t\t\t\t\t\t\t<\/div>\n\t\t\t\t<\/div>\n\t\t\t\t\t<\/div>\n\t\t<\/div>\n\t\t\t\t\t<\/div>\n\t\t<\/section>\n\t\t\t\t<section class=\"elementor-section elementor-top-section elementor-element elementor-element-5a2cfd9f elementor-section-boxed elementor-section-height-default elementor-section-height-default\" data-id=\"5a2cfd9f\" data-element_type=\"section\" data-e-type=\"section\" data-settings=\"{&quot;background_background&quot;:&quot;classic&quot;}\">\n\t\t\t\t\t\t<div class=\"elementor-container elementor-column-gap-no\">\n\t\t\t\t\t<div class=\"elementor-column elementor-col-100 elementor-top-column elementor-element elementor-element-7abebffb\" data-id=\"7abebffb\" data-element_type=\"column\" data-e-type=\"column\">\n\t\t\t<div class=\"elementor-widget-wrap elementor-element-populated\">\n\t\t\t\t\t\t<div class=\"elementor-element elementor-element-1cb31afa elementor-widget elementor-widget-heading\" data-id=\"1cb31afa\" data-element_type=\"widget\" data-e-type=\"widget\" data-widget_type=\"heading.default\">\n\t\t\t\t<div class=\"elementor-widget-container\">\n\t\t\t\t\t<h2 class=\"elementor-heading-title elementor-size-medium\">Sources<\/h2>\t\t\t\t<\/div>\n\t\t\t\t<\/div>\n\t\t\t\t<div class=\"elementor-element elementor-element-19805985 cst-post-sources elementor-widget elementor-widget-text-editor\" data-id=\"19805985\" data-element_type=\"widget\" data-e-type=\"widget\" data-widget_type=\"text-editor.default\">\n\t\t\t\t<div class=\"elementor-widget-container\">\n\t\t\t\t\t\t\t\t\t<p><a href=\"#_ftnref1\" name=\"_ftn1\">[1]<\/a> <em>Covid-19, \u00ab La mobilisation des \u00e9tudiantes et \u00e9tudiants en sant\u00e9 a \u00e9t\u00e9 incroyable et essentielle \u00bb<\/em>. (2020, 29 mai). Sorbonne Universit\u00e9 &#8211; Facult\u00e9 de M\u00e9decine. <a href=\"https:\/\/medecine.sorbonne-universite.fr\/covid-19-la-mobilisation-des-etudiantes-et-etudiants-en-sante-a-ete-incroyable-et-essentielle\/\" target=\"_blank\" rel=\"noopener\">https:\/\/medecine.sorbonne-universite.fr\/covid-19-la-mobilisation-des-etudiantes-et-etudiants-en-sante-a-ete-incroyable-et-essentielle\/<\/a><\/p>\n<!-- \/wp:paragraph --><!-- wp:paragraph -->\n<p><a href=\"#_ftnref2\">[2]<\/a> <em>COVID-19 : notre action<\/em>. (2020, 17 ao\u00fbt). Sant\u00e9 publique France. <a href=\"https:\/\/www.santepubliquefrance.fr\/dossiers\/coronavirus-covid-19\/covid-19-notre-action\" target=\"_blank\" rel=\"noopener\">https:\/\/www.santepubliquefrance.fr\/dossiers\/coronavirus-covid-19\/covid-19-notre-action<\/a><\/p>\n<!-- \/wp:paragraph --><!-- wp:paragraph -->\n<p><a href=\"#_ftnref3\">[3]<\/a> Sipos, A. (2020, 20 mars). Coronavirus : Fran\u00e7ais, tous solidaires ! <em>Le Parisien<\/em>. <a href=\"https:\/\/www.leparisien.fr\/societe\/coronavirus-francais-tous-solidaires-20-03-2020-8284053.php\" target=\"_blank\" rel=\"noopener\">https:\/\/www.leparisien.fr\/societe\/coronavirus-francais-tous-solidaires-20-03-2020-8284053.php<\/a><\/p>\n<!-- \/wp:paragraph --><!-- wp:paragraph -->\n<p><a href=\"#_ftnref4\">[4]<\/a> Healthcare Data Institute. (2020, novembre). <em>COVID-19 : L\u2019enjeu des donn\u00e9es<\/em>. <a href=\"https:\/\/healthcaredatainstitute.com\/wp-content\/uploads\/2020\/11\/covid-19_enjeu_des_donness_healthcare_data_institute_2020.pdf\" target=\"_blank\" rel=\"noopener\">https:\/\/healthcaredatainstitute.com\/wp-content\/uploads\/2020\/11\/covid-19_enjeu_des_donness_healthcare_data_institute_2020.pdf<\/a><\/p>\n<!-- \/wp:paragraph --><!-- wp:paragraph -->\n<p><a href=\"#_ftnref5\">[5]<\/a> Voillot, P., Arwidson, P., Foulqui\u00e9, P., Serry, A., Mebarki, A., Texier, N., &amp; Sch\u00fcck, S. (2020, septembre). <em>Application de tracking StopCovid : identification des th\u00e9matiques de discussions et des opinions par l\u2019analyse des r\u00e9seaux sociaux<\/em>.<\/p>\n<!-- \/wp:paragraph --><!-- wp:paragraph -->\n<p><a href=\"#_ftnref6\" name=\"_ftn1\">[6]<\/a>\u00a0<a href=\"https:\/\/www.bordeaux-population-health.center\/\" target=\"_blank\" rel=\"noopener\">Bordeaux Population Health<\/a>, le <a href=\"http:\/\/www.crc.jussieu.fr\/\" target=\"_blank\" rel=\"noopener\">Centre de recherche des cordeliers<\/a>, <a href=\"https:\/\/www.capdigital.com\/\" target=\"_blank\" rel=\"noopener\">Cap Digital<\/a>, <a href=\"https:\/\/www.pitsdata.com\/\" target=\"_blank\" rel=\"noopener\">PITS<\/a>, <a href=\"https:\/\/datacraft.paris\/\" target=\"_blank\" rel=\"noopener\">datacraft<\/a>, le cabinet d\u2019avocats <a href=\"https:\/\/www.pons-carrere.com\/\" target=\"_blank\" rel=\"noopener\">Pons &amp; Carrere<\/a>, les \u00e9tudiants du Master Marketing Pharmaceutique et tech de sant\u00e9 de l\u2019universit\u00e9 Paris Saclay, <a href=\"https:\/\/techtomed.com\/\" target=\"_blank\" rel=\"noopener\">TechTomed<\/a>, <a href=\"https:\/\/buzz-esante.fr\/\" target=\"_blank\" rel=\"noopener\">Buzz e-sant\u00e9<\/a>, <a href=\"https:\/\/23consulting.com\/\" target=\"_blank\" rel=\"noopener\">23 Consulting<\/a>, <a href=\"https:\/\/www.openhealth.fr\/\" target=\"_blank\" rel=\"noopener\">OpenHealth<\/a>, <a href=\"https:\/\/www.brandwatch.com\/fr\/\" target=\"_blank\" rel=\"noopener\">Brandwatch<\/a>, <a href=\"https:\/\/jogl.io\/fr\" target=\"_blank\" rel=\"noopener\">Just One Giant Lab<\/a>, <a href=\"https:\/\/www.microsoft.com\/fr-fr\" target=\"_blank\" rel=\"noopener\">Microsfot<\/a>, <a href=\"http:\/\/calypse-consulting.com\/\" target=\"_blank\" rel=\"noopener\">Calypse Consulting<\/a><a href=\"#_ftnref1\" name=\"_ftn1\"><\/a><\/p>\t\t\t\t\t\t\t\t<\/div>\n\t\t\t\t<\/div>\n\t\t\t\t\t<\/div>\n\t\t<\/div>\n\t\t\t\t\t<\/div>\n\t\t<\/section>\n\t\t\t\t<\/div>\n\t\t","protected":false},"excerpt":{"rendered":"<p>Kap Code presents the year 2020 through the implementation of different projects for information sharing between health actors during the Covid-19 crisis.<\/p>","protected":false},"author":12,"featured_media":9841,"comment_status":"closed","ping_status":"open","sticky":false,"template":"","format":"standard","meta":{"site-sidebar-layout":"default","site-content-layout":"default","ast-site-content-layout":"default","site-content-style":"default","site-sidebar-style":"default","ast-global-header-display":"","ast-banner-title-visibility":"","ast-main-header-display":"","ast-hfb-above-header-display":"","ast-hfb-below-header-display":"","ast-hfb-mobile-header-display":"","site-post-title":"","ast-breadcrumbs-content":"","ast-featured-img":"","footer-sml-layout":"","ast-disable-related-posts":"","theme-transparent-header-meta":"default","adv-header-id-meta":"","stick-header-meta":"default","header-above-stick-meta":"","header-main-stick-meta":"","header-below-stick-meta":"","astra-migrate-meta-layouts":"default","ast-page-background-enabled":"default","ast-page-background-meta":{"desktop":{"background-color":"","background-image":"","background-repeat":"repeat","background-position":"center center","background-size":"auto","background-attachment":"scroll","background-type":"","background-media":"","overlay-type":"","overlay-color":"","overlay-opacity":"","overlay-gradient":""},"tablet":{"background-color":"","background-image":"","background-repeat":"repeat","background-position":"center center","background-size":"auto","background-attachment":"scroll","background-type":"","background-media":"","overlay-type":"","overlay-color":"","overlay-opacity":"","overlay-gradient":""},"mobile":{"background-color":"","background-image":"","background-repeat":"repeat","background-position":"center center","background-size":"auto","background-attachment":"scroll","background-type":"","background-media":"","overlay-type":"","overlay-color":"","overlay-opacity":"","overlay-gradient":""}},"ast-content-background-meta":{"desktop":{"background-color":"var(--ast-global-color-5)","background-image":"","background-repeat":"repeat","background-position":"center center","background-size":"auto","background-attachment":"scroll","background-type":"","background-media":"","overlay-type":"","overlay-color":"","overlay-opacity":"","overlay-gradient":""},"tablet":{"background-color":"var(--ast-global-color-5)","background-image":"","background-repeat":"repeat","background-position":"center center","background-size":"auto","background-attachment":"scroll","background-type":"","background-media":"","overlay-type":"","overlay-color":"","overlay-opacity":"","overlay-gradient":""},"mobile":{"background-color":"var(--ast-global-color-5)","background-image":"","background-repeat":"repeat","background-position":"center center","background-size":"auto","background-attachment":"scroll","background-type":"","background-media":"","overlay-type":"","overlay-color":"","overlay-opacity":"","overlay-gradient":""}},"footnotes":""},"categories":[13],"tags":[42,36,16,92,41,44,18],"class_list":["post-9537","post","type-post","status-publish","format-standard","has-post-thumbnail","hentry","category-kap-code","tag-bordeaux-population-health","tag-centre-de-recherche-des-cordeliers","tag-covid-19","tag-ecosysteme","tag-kappa-sante","tag-microsoft","tag-rwd"],"_links":{"self":[{"href":"https:\/\/www.kapcode.fr\/en\/wp-json\/wp\/v2\/posts\/9537","targetHints":{"allow":["GET"]}}],"collection":[{"href":"https:\/\/www.kapcode.fr\/en\/wp-json\/wp\/v2\/posts"}],"about":[{"href":"https:\/\/www.kapcode.fr\/en\/wp-json\/wp\/v2\/types\/post"}],"author":[{"embeddable":true,"href":"https:\/\/www.kapcode.fr\/en\/wp-json\/wp\/v2\/users\/12"}],"replies":[{"embeddable":true,"href":"https:\/\/www.kapcode.fr\/en\/wp-json\/wp\/v2\/comments?post=9537"}],"version-history":[{"count":0,"href":"https:\/\/www.kapcode.fr\/en\/wp-json\/wp\/v2\/posts\/9537\/revisions"}],"wp:featuredmedia":[{"embeddable":true,"href":"https:\/\/www.kapcode.fr\/en\/wp-json\/wp\/v2\/media\/9841"}],"wp:attachment":[{"href":"https:\/\/www.kapcode.fr\/en\/wp-json\/wp\/v2\/media?parent=9537"}],"wp:term":[{"taxonomy":"category","embeddable":true,"href":"https:\/\/www.kapcode.fr\/en\/wp-json\/wp\/v2\/categories?post=9537"},{"taxonomy":"post_tag","embeddable":true,"href":"https:\/\/www.kapcode.fr\/en\/wp-json\/wp\/v2\/tags?post=9537"}],"curies":[{"name":"wp","href":"https:\/\/api.w.org\/{rel}","templated":true}]}}